{"id":2212,"date":"2025-04-08T03:22:50","date_gmt":"2025-04-08T03:22:50","guid":{"rendered":"https:\/\/www.focuscentralamerica.org\/?p=2212"},"modified":"2025-04-08T03:22:51","modified_gmt":"2025-04-08T03:22:51","slug":"transformando-vidas-en-los-barrios-de-managua","status":"publish","type":"post","link":"https:\/\/www.focuscentralamerica.org\/es\/transformando-vidas-en-los-barrios-de-managua\/","title":{"rendered":"Transformando vidas en los barrios de Managua\u00a0"},"content":{"rendered":"\n<p><strong>Socio: <a href=\"https:\/\/www.inhijambiani.org\" target=\"_blank\" rel=\"noreferrer noopener\">Asociaci\u00f3n Inhijambia<\/a>, Nicarag\u00fca<\/strong><\/p>\n\n\n\n<p>El proyecto \u00abAtenci\u00f3n integral a ni\u00f1os, adolescentes y familias vulnerables de barrios marginales de Managua\u00bb, est\u00e1 marcando una diferencia significativa en la vida de <strong>170 ni\u00f1os y adolescentes y 22 j\u00f3venes de 148 familias en situaci\u00f3n de alta vulnerabilidad.<\/strong><\/p>\n\n\n\n<p>Este esfuerzo integral brinda apoyo social, educativo, psicol\u00f3gico y sanitario, promoviendo sus derechos y asegurando su bienestar. A trav\u00e9s de este programa:<\/p>\n\n\n<div class=\"wp-block-image\">\n<figure class=\"alignright size-large is-resized\"><img loading=\"lazy\" decoding=\"async\" src=\"https:\/\/www.focuscentralamerica.org\/wp-content\/uploads\/2025\/04\/Untitled-design-copy-1-1024x1024.png\" alt=\"\" class=\"wp-image-2215\" width=\"296\" height=\"296\" srcset=\"https:\/\/www.focuscentralamerica.org\/wp-content\/uploads\/2025\/04\/Untitled-design-copy-1-1024x1024.png 1024w, https:\/\/www.focuscentralamerica.org\/wp-content\/uploads\/2025\/04\/Untitled-design-copy-1-300x300.png 300w, https:\/\/www.focuscentralamerica.org\/wp-content\/uploads\/2025\/04\/Untitled-design-copy-1-150x150.png 150w, https:\/\/www.focuscentralamerica.org\/wp-content\/uploads\/2025\/04\/Untitled-design-copy-1-768x768.png 768w, https:\/\/www.focuscentralamerica.org\/wp-content\/uploads\/2025\/04\/Untitled-design-copy-1.png 1080w\" sizes=\"auto, (max-width: 296px) 100vw, 296px\" \/><\/figure>\n<\/div>\n\n\n<ul class=\"wp-block-list\">\n<li><strong>Impulso la educaci\u00f3n:<\/strong> Los beneficiarios reciben acompa\u00f1amiento para su escolarizaci\u00f3n y son motivados a adoptar conductas positivas.<\/li>\n\n\n\n<li><strong>Fortalecimiento de la salud f\u00edsica y mental:<\/strong> Se brindan terapias psicol\u00f3gicas familiares y asesoramiento en tr\u00e1mites administrativos para mejorar su desarrollo personal y profesional.<\/li>\n\n\n\n<li><strong>Apoyo a las familias<\/strong>: Se fomenta la crianza positiva y la responsabilidad parental, promoviendo hogares m\u00e1s seguros y afectivos.<\/li>\n\n\n\n<li><strong>Se combate el maltrato y el abandono infantil <\/strong>: A trav\u00e9s de la estimulaci\u00f3n temprana, la socializaci\u00f3n y el acceso a una alimentaci\u00f3n adecuada.<\/li>\n<\/ul>\n\n\n\n<p>Con este proyecto, <a href=\"https:\/\/www.inhijambiani.org\" target=\"_blank\" rel=\"noreferrer noopener\">Inhijambia<\/a> no solo transforma vidas individuales, sino que fortalece comunidades, creando oportunidades y brindando esperanza para un futuro m\u00e1s brillante en Managua, Nicaragua.<\/p>\n","protected":false},"excerpt":{"rendered":"<p>Socio: Asociaci\u00f3n Inhijambia, Nicarag\u00fca El proyecto \u00abAtenci\u00f3n integral a ni\u00f1os, adolescentes y familias vulnerables de barrios marginales de Managua\u00bb, est\u00e1 marcando una diferencia significativa en la vida de 170 ni\u00f1os y adolescentes y 22 j\u00f3venes de 148 familias en situaci\u00f3n de alta vulnerabilidad. Este esfuerzo integral brinda apoyo social, educativo, psicol\u00f3gico y sanitario, promoviendo sus [&hellip;]<\/p>\n","protected":false},"author":6,"featured_media":2213,"comment_status":"closed","ping_status":"closed","sticky":false,"template":"","format":"standard","meta":{"_acf_changed":false,"inline_featured_image":false,"footnotes":""},"categories":[21],"tags":[],"class_list":["post-2212","post","type-post","status-publish","format-standard","has-post-thumbnail","hentry","category-educacion"],"acf":[],"_links":{"self":[{"href":"https:\/\/www.focuscentralamerica.org\/es\/wp-json\/wp\/v2\/posts\/2212","targetHints":{"allow":["GET"]}}],"collection":[{"href":"https:\/\/www.focuscentralamerica.org\/es\/wp-json\/wp\/v2\/posts"}],"about":[{"href":"https:\/\/www.focuscentralamerica.org\/es\/wp-json\/wp\/v2\/types\/post"}],"author":[{"embeddable":true,"href":"https:\/\/www.focuscentralamerica.org\/es\/wp-json\/wp\/v2\/users\/6"}],"replies":[{"embeddable":true,"href":"https:\/\/www.focuscentralamerica.org\/es\/wp-json\/wp\/v2\/comments?post=2212"}],"version-history":[{"count":1,"href":"https:\/\/www.focuscentralamerica.org\/es\/wp-json\/wp\/v2\/posts\/2212\/revisions"}],"predecessor-version":[{"id":2217,"href":"https:\/\/www.focuscentralamerica.org\/es\/wp-json\/wp\/v2\/posts\/2212\/revisions\/2217"}],"wp:featuredmedia":[{"embeddable":true,"href":"https:\/\/www.focuscentralamerica.org\/es\/wp-json\/wp\/v2\/media\/2213"}],"wp:attachment":[{"href":"https:\/\/www.focuscentralamerica.org\/es\/wp-json\/wp\/v2\/media?parent=2212"}],"wp:term":[{"taxonomy":"category","embeddable":true,"href":"https:\/\/www.focuscentralamerica.org\/es\/wp-json\/wp\/v2\/categories?post=2212"},{"taxonomy":"post_tag","embeddable":true,"href":"https:\/\/www.focuscentralamerica.org\/es\/wp-json\/wp\/v2\/tags?post=2212"}],"curies":[{"name":"wp","href":"https:\/\/api.w.org\/{rel}","templated":true}]}}