{"id":2300,"date":"2025-06-05T21:25:23","date_gmt":"2025-06-05T21:25:23","guid":{"rendered":"https:\/\/www.focuscentralamerica.org\/?p=2300"},"modified":"2025-06-05T21:25:24","modified_gmt":"2025-06-05T21:25:24","slug":"unidas-y-poderosas-caminando-por-nuestros-derechos","status":"publish","type":"post","link":"https:\/\/www.focuscentralamerica.org\/es\/unidas-y-poderosas-caminando-por-nuestros-derechos\/","title":{"rendered":"Unidas y Poderosas: Caminando por Nuestros Derechos"},"content":{"rendered":"\n<p><a href=\"https:\/\/eprodep.org\" target=\"_blank\" rel=\"noreferrer noopener\">EPRODEP,<\/a> Guatemala<\/p>\n\n\n\n<p>En conmemoraci\u00f3n del D\u00eda Internacional de la Mujer, ni\u00f1as, ni\u00f1os y adolescentes participantes del programa\u00a0<em>Protagonismo de Ni\u00f1ez y Adolescencia<\/em>\u00a0de <a href=\"https:\/\/eprodep.org\" target=\"_blank\" rel=\"noreferrer noopener\">EPRODEP<\/a> vivieron dos d\u00edas de actividades llenas de reflexi\u00f3n, creatividad y expresi\u00f3n art\u00edstica.<\/p>\n\n\n<div class=\"wp-block-image\">\n<figure class=\"alignright size-large is-resized\"><img loading=\"lazy\" decoding=\"async\" src=\"https:\/\/www.focuscentralamerica.org\/wp-content\/uploads\/2025\/06\/1-1024x1024.png\" alt=\"\" class=\"wp-image-2301\" width=\"230\" height=\"230\" srcset=\"https:\/\/www.focuscentralamerica.org\/wp-content\/uploads\/2025\/06\/1-1024x1024.png 1024w, https:\/\/www.focuscentralamerica.org\/wp-content\/uploads\/2025\/06\/1-300x300.png 300w, https:\/\/www.focuscentralamerica.org\/wp-content\/uploads\/2025\/06\/1-150x150.png 150w, https:\/\/www.focuscentralamerica.org\/wp-content\/uploads\/2025\/06\/1-768x768.png 768w, https:\/\/www.focuscentralamerica.org\/wp-content\/uploads\/2025\/06\/1.png 1080w\" sizes=\"auto, (max-width: 230px) 100vw, 230px\" \/><\/figure>\n<\/div>\n\n\n<p>La jornada comenz\u00f3 con espacios de di\u00e1logo sobre el origen y la importancia de esta fecha, reconociendo los esfuerzos hist\u00f3ricos de las mujeres por alcanzar sus derechos. <\/p>\n\n\n\n<p>A trav\u00e9s de lecturas, podcasts y videos, los estudiantes analizaron c\u00f3mo persisten desaf\u00edos actuales, como la demora en los procesos judiciales contra agresores.<\/p>\n\n\n\n<p>Motivados por estas reflexiones, se dio paso a una serie de talleres art\u00edsticos \u2014batucada, zancos, poes\u00eda, teatro, maquillaje, danza, mimos y comunicaci\u00f3n\u2014 que sirvieron como plataformas de expresi\u00f3n para visibilizar las demandas de la ni\u00f1ez y adolescencia sobre las problem\u00e1ticas que enfrentan las mujeres hoy en d\u00eda.<\/p>\n\n\n<div class=\"wp-block-image\">\n<figure class=\"alignleft size-large is-resized\"><img loading=\"lazy\" decoding=\"async\" src=\"https:\/\/www.focuscentralamerica.org\/wp-content\/uploads\/2025\/06\/2-1-1024x1024.png\" alt=\"\" class=\"wp-image-2305\" width=\"188\" height=\"188\" srcset=\"https:\/\/www.focuscentralamerica.org\/wp-content\/uploads\/2025\/06\/2-1-1024x1024.png 1024w, https:\/\/www.focuscentralamerica.org\/wp-content\/uploads\/2025\/06\/2-1-300x300.png 300w, https:\/\/www.focuscentralamerica.org\/wp-content\/uploads\/2025\/06\/2-1-150x150.png 150w, https:\/\/www.focuscentralamerica.org\/wp-content\/uploads\/2025\/06\/2-1-768x768.png 768w, https:\/\/www.focuscentralamerica.org\/wp-content\/uploads\/2025\/06\/2-1.png 1080w\" sizes=\"auto, (max-width: 188px) 100vw, 188px\" \/><\/figure>\n<\/div>\n\n\n<p>El cierre fue un evento comunitario donde las familias disfrutaron del talento de los participantes, quienes presentaron creaciones teatrales, danzas y otras expresiones art\u00edsticas, reivindicando el derecho de las mujeres a la libertad de expresi\u00f3n y a una vida digna.<\/p>\n\n\n\n<p>Esta iniciativa demuestra c\u00f3mo desde <a href=\"https:\/\/eprodep.org\" target=\"_blank\" rel=\"noreferrer noopener\">EPRODEP <\/a>se construyen propuestas creativas y participativas para fomentar el reconocimiento del papel fundamental de las mujeres en nuestras comunidades, promoviendo una cultura de igualdad, respeto y justicia para todas.<\/p>\n","protected":false},"excerpt":{"rendered":"<p>EPRODEP, Guatemala En conmemoraci\u00f3n del D\u00eda Internacional de la Mujer, ni\u00f1as, ni\u00f1os y adolescentes participantes del programa\u00a0Protagonismo de Ni\u00f1ez y Adolescencia\u00a0de EPRODEP vivieron dos d\u00edas de actividades llenas de reflexi\u00f3n, creatividad y expresi\u00f3n art\u00edstica. La jornada comenz\u00f3 con espacios de di\u00e1logo sobre el origen y la importancia de esta fecha, reconociendo los esfuerzos hist\u00f3ricos de [&hellip;]<\/p>\n","protected":false},"author":6,"featured_media":2307,"comment_status":"closed","ping_status":"closed","sticky":false,"template":"","format":"standard","meta":{"_acf_changed":false,"inline_featured_image":false,"footnotes":""},"categories":[26],"tags":[],"class_list":["post-2300","post","type-post","status-publish","format-standard","has-post-thumbnail","hentry","category-educacion-infantil"],"acf":[],"_links":{"self":[{"href":"https:\/\/www.focuscentralamerica.org\/es\/wp-json\/wp\/v2\/posts\/2300","targetHints":{"allow":["GET"]}}],"collection":[{"href":"https:\/\/www.focuscentralamerica.org\/es\/wp-json\/wp\/v2\/posts"}],"about":[{"href":"https:\/\/www.focuscentralamerica.org\/es\/wp-json\/wp\/v2\/types\/post"}],"author":[{"embeddable":true,"href":"https:\/\/www.focuscentralamerica.org\/es\/wp-json\/wp\/v2\/users\/6"}],"replies":[{"embeddable":true,"href":"https:\/\/www.focuscentralamerica.org\/es\/wp-json\/wp\/v2\/comments?post=2300"}],"version-history":[{"count":1,"href":"https:\/\/www.focuscentralamerica.org\/es\/wp-json\/wp\/v2\/posts\/2300\/revisions"}],"predecessor-version":[{"id":2309,"href":"https:\/\/www.focuscentralamerica.org\/es\/wp-json\/wp\/v2\/posts\/2300\/revisions\/2309"}],"wp:featuredmedia":[{"embeddable":true,"href":"https:\/\/www.focuscentralamerica.org\/es\/wp-json\/wp\/v2\/media\/2307"}],"wp:attachment":[{"href":"https:\/\/www.focuscentralamerica.org\/es\/wp-json\/wp\/v2\/media?parent=2300"}],"wp:term":[{"taxonomy":"category","embeddable":true,"href":"https:\/\/www.focuscentralamerica.org\/es\/wp-json\/wp\/v2\/categories?post=2300"},{"taxonomy":"post_tag","embeddable":true,"href":"https:\/\/www.focuscentralamerica.org\/es\/wp-json\/wp\/v2\/tags?post=2300"}],"curies":[{"name":"wp","href":"https:\/\/api.w.org\/{rel}","templated":true}]}}