{"id":2310,"date":"2025-06-05T21:35:35","date_gmt":"2025-06-05T21:35:35","guid":{"rendered":"https:\/\/www.focuscentralamerica.org\/?p=2310"},"modified":"2025-06-05T21:35:36","modified_gmt":"2025-06-05T21:35:36","slug":"diplomado-en-liderazgo-restaurativo-fortaleciendo-liderazgos-que-transforman","status":"publish","type":"post","link":"https:\/\/www.focuscentralamerica.org\/es\/diplomado-en-liderazgo-restaurativo-fortaleciendo-liderazgos-que-transforman\/","title":{"rendered":"Diplomado en Liderazgo Restaurativo: fortaleciendo liderazgos que transforman"},"content":{"rendered":"\n<p><a href=\"https:\/\/www.circulaguatemala.org\" target=\"_blank\" rel=\"noreferrer noopener\">Circula<\/a>, Guatemala<\/p>\n\n\n\n<p>Durante seis meses, <strong>30 l\u00edderes y lideresas<\/strong> de Guatemala, Honduras, El Salvador y Costa Rica participaron en el\u00a0<em><strong>Diplomado en Liderazgo Restaurativo<\/strong><\/em>, un proceso de aprendizaje experiencial impulsado por <a href=\"https:\/\/www.circulaguatemala.org\" target=\"_blank\" rel=\"noreferrer noopener\">Circula<\/a>.<\/p>\n\n\n<div class=\"wp-block-image\">\n<figure class=\"alignright size-large is-resized\"><img loading=\"lazy\" decoding=\"async\" src=\"https:\/\/www.focuscentralamerica.org\/wp-content\/uploads\/2025\/06\/1-1-1024x1024.png\" alt=\"\" class=\"wp-image-2311\" width=\"241\" height=\"241\" srcset=\"https:\/\/www.focuscentralamerica.org\/wp-content\/uploads\/2025\/06\/1-1-1024x1024.png 1024w, https:\/\/www.focuscentralamerica.org\/wp-content\/uploads\/2025\/06\/1-1-300x300.png 300w, https:\/\/www.focuscentralamerica.org\/wp-content\/uploads\/2025\/06\/1-1-150x150.png 150w, https:\/\/www.focuscentralamerica.org\/wp-content\/uploads\/2025\/06\/1-1-768x768.png 768w, https:\/\/www.focuscentralamerica.org\/wp-content\/uploads\/2025\/06\/1-1.png 1080w\" sizes=\"auto, (max-width: 241px) 100vw, 241px\" \/><\/figure>\n<\/div>\n\n\n<p>Este espacio busca fortalecer las capacidades de personas que lideran organizaciones sociales, comunitarias y de base, especialmente en temas como educaci\u00f3n, igualdad de g\u00e9nero, justicia ambiental y reducci\u00f3n de desigualdades. <\/p>\n\n\n\n<p>La actual promoci\u00f3n est\u00e1 conformada en su mayor\u00eda por mujeres, j\u00f3venes, personas ind\u00edgenas y con discapacidad, todas comprometidas con la <strong>transformaci\u00f3n social<\/strong> y la <strong>defensa de la democracia en sus territorios.<\/strong><\/p>\n\n\n<div class=\"wp-block-image\">\n<figure class=\"alignleft size-large is-resized\"><img loading=\"lazy\" decoding=\"async\" src=\"https:\/\/www.focuscentralamerica.org\/wp-content\/uploads\/2025\/06\/2-2-1024x1024.png\" alt=\"\" class=\"wp-image-2313\" width=\"189\" height=\"189\" srcset=\"https:\/\/www.focuscentralamerica.org\/wp-content\/uploads\/2025\/06\/2-2-1024x1024.png 1024w, https:\/\/www.focuscentralamerica.org\/wp-content\/uploads\/2025\/06\/2-2-300x300.png 300w, https:\/\/www.focuscentralamerica.org\/wp-content\/uploads\/2025\/06\/2-2-150x150.png 150w, https:\/\/www.focuscentralamerica.org\/wp-content\/uploads\/2025\/06\/2-2-768x768.png 768w, https:\/\/www.focuscentralamerica.org\/wp-content\/uploads\/2025\/06\/2-2.png 1080w\" sizes=\"auto, (max-width: 189px) 100vw, 189px\" \/><\/figure>\n<\/div>\n\n\n<p>El enfoque del diplomado no solo se centra en habilidades t\u00e9cnicas, sino tambi\u00e9n en el desarrollo del pensamiento cr\u00edtico, la reflexi\u00f3n colectiva y el dise\u00f1o de iniciativas con un enfoque humano, colaborativo y contextualizado.<\/p>\n\n\n\n<p><a href=\"https:\/\/www.circulaguatemala.org\" target=\"_blank\" rel=\"noreferrer noopener\">Circula<\/a> cree en un liderazgo donde todas las voces son escuchadas y valoradas. <\/p>\n\n\n\n<p>Celebramos la diversidad de esta 13\u00aa generaci\u00f3n, convencidos de que sus perspectivas y experiencias enriquecen la construcci\u00f3n de un futuro m\u00e1s justo para Centroam\u00e9rica.<\/p>\n","protected":false},"excerpt":{"rendered":"<p>Circula, Guatemala Durante seis meses, 30 l\u00edderes y lideresas de Guatemala, Honduras, El Salvador y Costa Rica participaron en el\u00a0Diplomado en Liderazgo Restaurativo, un proceso de aprendizaje experiencial impulsado por Circula. Este espacio busca fortalecer las capacidades de personas que lideran organizaciones sociales, comunitarias y de base, especialmente en temas como educaci\u00f3n, igualdad de g\u00e9nero, [&hellip;]<\/p>\n","protected":false},"author":6,"featured_media":2315,"comment_status":"closed","ping_status":"closed","sticky":false,"template":"","format":"standard","meta":{"_acf_changed":false,"inline_featured_image":false,"footnotes":""},"categories":[21],"tags":[],"class_list":["post-2310","post","type-post","status-publish","format-standard","has-post-thumbnail","hentry","category-educacion"],"acf":[],"_links":{"self":[{"href":"https:\/\/www.focuscentralamerica.org\/es\/wp-json\/wp\/v2\/posts\/2310","targetHints":{"allow":["GET"]}}],"collection":[{"href":"https:\/\/www.focuscentralamerica.org\/es\/wp-json\/wp\/v2\/posts"}],"about":[{"href":"https:\/\/www.focuscentralamerica.org\/es\/wp-json\/wp\/v2\/types\/post"}],"author":[{"embeddable":true,"href":"https:\/\/www.focuscentralamerica.org\/es\/wp-json\/wp\/v2\/users\/6"}],"replies":[{"embeddable":true,"href":"https:\/\/www.focuscentralamerica.org\/es\/wp-json\/wp\/v2\/comments?post=2310"}],"version-history":[{"count":1,"href":"https:\/\/www.focuscentralamerica.org\/es\/wp-json\/wp\/v2\/posts\/2310\/revisions"}],"predecessor-version":[{"id":2317,"href":"https:\/\/www.focuscentralamerica.org\/es\/wp-json\/wp\/v2\/posts\/2310\/revisions\/2317"}],"wp:featuredmedia":[{"embeddable":true,"href":"https:\/\/www.focuscentralamerica.org\/es\/wp-json\/wp\/v2\/media\/2315"}],"wp:attachment":[{"href":"https:\/\/www.focuscentralamerica.org\/es\/wp-json\/wp\/v2\/media?parent=2310"}],"wp:term":[{"taxonomy":"category","embeddable":true,"href":"https:\/\/www.focuscentralamerica.org\/es\/wp-json\/wp\/v2\/categories?post=2310"},{"taxonomy":"post_tag","embeddable":true,"href":"https:\/\/www.focuscentralamerica.org\/es\/wp-json\/wp\/v2\/tags?post=2310"}],"curies":[{"name":"wp","href":"https:\/\/api.w.org\/{rel}","templated":true}]}}