{"id":2318,"date":"2025-06-05T21:45:14","date_gmt":"2025-06-05T21:45:14","guid":{"rendered":"https:\/\/www.focuscentralamerica.org\/?p=2318"},"modified":"2025-06-05T21:45:56","modified_gmt":"2025-06-05T21:45:56","slug":"aprender-a-aprender-descubrir-crear-e-innovar","status":"publish","type":"post","link":"https:\/\/www.focuscentralamerica.org\/es\/aprender-a-aprender-descubrir-crear-e-innovar\/","title":{"rendered":"Aprender a aprender, descubrir, crear e innovar"},"content":{"rendered":"\n<p><strong><a href=\"https:\/\/www.peroniaadolescente.org\" target=\"_blank\" rel=\"noreferrer noopener\">Peronia Adolescente<\/a>, Guatemala<\/strong><\/p>\n\n\n\n<p>La Asociaci\u00f3n <a href=\"https:\/\/www.peroniaadolescente.org\" target=\"_blank\" rel=\"noreferrer noopener\">Peronia Adolescente <\/a>se ha convertido en una fuente de esperanza para adolescentes y j\u00f3venes, especialmente mujeres, a trav\u00e9s de su programa de Apoyo Escolar Integral. <\/p>\n\n\n<div class=\"wp-block-image\">\n<figure class=\"alignright size-large is-resized\"><img loading=\"lazy\" decoding=\"async\" src=\"https:\/\/www.focuscentralamerica.org\/wp-content\/uploads\/2025\/06\/1-2-1024x1024.png\" alt=\"\" class=\"wp-image-2319\" width=\"210\" height=\"210\" srcset=\"https:\/\/www.focuscentralamerica.org\/wp-content\/uploads\/2025\/06\/1-2-1024x1024.png 1024w, https:\/\/www.focuscentralamerica.org\/wp-content\/uploads\/2025\/06\/1-2-300x300.png 300w, https:\/\/www.focuscentralamerica.org\/wp-content\/uploads\/2025\/06\/1-2-150x150.png 150w, https:\/\/www.focuscentralamerica.org\/wp-content\/uploads\/2025\/06\/1-2-768x768.png 768w, https:\/\/www.focuscentralamerica.org\/wp-content\/uploads\/2025\/06\/1-2.png 1080w\" sizes=\"auto, (max-width: 210px) 100vw, 210px\" \/><\/figure>\n<\/div>\n\n\n<p>Esta iniciativa brinda acompa\u00f1amiento acad\u00e9mico, emocional y formativo, abriendo puertas a nuevas oportunidades laborales, educativas y sociales, con el potencial de romper el ciclo de pobreza en sus comunidades.<\/p>\n\n\n\n<p>Durante el 2025, el programa impacta directamente a<strong> 40<\/strong> ni\u00f1os, ni\u00f1as y adolescentes de nivel primario, b\u00e1sico y diversificado, quienes participan en espacios de tutor\u00eda concebidos como procesos de formaci\u00f3n integral. <\/p>\n\n\n<div class=\"wp-block-image\">\n<figure class=\"alignleft size-large is-resized\"><img loading=\"lazy\" decoding=\"async\" src=\"https:\/\/www.focuscentralamerica.org\/wp-content\/uploads\/2025\/06\/2-3-1024x1024.png\" alt=\"\" class=\"wp-image-2321\" width=\"271\" height=\"271\" srcset=\"https:\/\/www.focuscentralamerica.org\/wp-content\/uploads\/2025\/06\/2-3-1024x1024.png 1024w, https:\/\/www.focuscentralamerica.org\/wp-content\/uploads\/2025\/06\/2-3-300x300.png 300w, https:\/\/www.focuscentralamerica.org\/wp-content\/uploads\/2025\/06\/2-3-150x150.png 150w, https:\/\/www.focuscentralamerica.org\/wp-content\/uploads\/2025\/06\/2-3-768x768.png 768w, https:\/\/www.focuscentralamerica.org\/wp-content\/uploads\/2025\/06\/2-3.png 1080w\" sizes=\"auto, (max-width: 271px) 100vw, 271px\" \/><\/figure>\n<\/div>\n\n\n<p>Estas sesiones incluyen temas clave como educaci\u00f3n sexual integral, h\u00e1bitos saludables, refuerzo en ingl\u00e9s y computaci\u00f3n, tareas asistidas y acompa\u00f1amiento psicol\u00f3gico.<\/p>\n\n\n\n<p>La metodolog\u00eda del programa, <strong>\u201cYo Soy, Yo Puedo, Yo Valgo\u201d,<\/strong> est\u00e1 basada en el constructivismo y la educaci\u00f3n popular. Promueve el aprendizaje activo, el di\u00e1logo y la reflexi\u00f3n a partir de las experiencias de vida de cada participante. <\/p>\n\n\n\n<p>Adem\u00e1s, se complementa con talleres que fortalecen habilidades esenciales como la autoestima, el liderazgo, la resiliencia, el pensamiento cr\u00edtico y el trabajo en equipo.<\/p>\n\n\n\n<p>Desde su creaci\u00f3n, el programa ha beneficiado a m\u00e1s de <strong>125 adolescentes<\/strong>, apoy\u00e1ndoles con el pago de colegiaturas, transporte, uniformes, materiales, proyectos educativos, salud mental y actividades extracurriculares.<\/p>\n\n\n\n<p>El impacto de <a href=\"https:\/\/www.peroniaadolescente.org\" target=\"_blank\" rel=\"noreferrer noopener\">Peronia Adolescente<\/a> va m\u00e1s all\u00e1 del aula: construye comunidad, fomenta la inclusi\u00f3n y siembra las bases para un tejido social m\u00e1s justo, fuerte y comprometido con el futuro.<\/p>\n","protected":false},"excerpt":{"rendered":"<p>Peronia Adolescente, Guatemala La Asociaci\u00f3n Peronia Adolescente se ha convertido en una fuente de esperanza para adolescentes y j\u00f3venes, especialmente mujeres, a trav\u00e9s de su programa de Apoyo Escolar Integral. Esta iniciativa brinda acompa\u00f1amiento acad\u00e9mico, emocional y formativo, abriendo puertas a nuevas oportunidades laborales, educativas y sociales, con el potencial de romper el ciclo de [&hellip;]<\/p>\n","protected":false},"author":6,"featured_media":2323,"comment_status":"closed","ping_status":"closed","sticky":false,"template":"","format":"standard","meta":{"_acf_changed":false,"inline_featured_image":false,"footnotes":""},"categories":[26],"tags":[],"class_list":["post-2318","post","type-post","status-publish","format-standard","has-post-thumbnail","hentry","category-educacion-infantil"],"acf":[],"_links":{"self":[{"href":"https:\/\/www.focuscentralamerica.org\/es\/wp-json\/wp\/v2\/posts\/2318","targetHints":{"allow":["GET"]}}],"collection":[{"href":"https:\/\/www.focuscentralamerica.org\/es\/wp-json\/wp\/v2\/posts"}],"about":[{"href":"https:\/\/www.focuscentralamerica.org\/es\/wp-json\/wp\/v2\/types\/post"}],"author":[{"embeddable":true,"href":"https:\/\/www.focuscentralamerica.org\/es\/wp-json\/wp\/v2\/users\/6"}],"replies":[{"embeddable":true,"href":"https:\/\/www.focuscentralamerica.org\/es\/wp-json\/wp\/v2\/comments?post=2318"}],"version-history":[{"count":2,"href":"https:\/\/www.focuscentralamerica.org\/es\/wp-json\/wp\/v2\/posts\/2318\/revisions"}],"predecessor-version":[{"id":2326,"href":"https:\/\/www.focuscentralamerica.org\/es\/wp-json\/wp\/v2\/posts\/2318\/revisions\/2326"}],"wp:featuredmedia":[{"embeddable":true,"href":"https:\/\/www.focuscentralamerica.org\/es\/wp-json\/wp\/v2\/media\/2323"}],"wp:attachment":[{"href":"https:\/\/www.focuscentralamerica.org\/es\/wp-json\/wp\/v2\/media?parent=2318"}],"wp:term":[{"taxonomy":"category","embeddable":true,"href":"https:\/\/www.focuscentralamerica.org\/es\/wp-json\/wp\/v2\/categories?post=2318"},{"taxonomy":"post_tag","embeddable":true,"href":"https:\/\/www.focuscentralamerica.org\/es\/wp-json\/wp\/v2\/tags?post=2318"}],"curies":[{"name":"wp","href":"https:\/\/api.w.org\/{rel}","templated":true}]}}