{"id":2327,"date":"2025-06-05T21:55:01","date_gmt":"2025-06-05T21:55:01","guid":{"rendered":"https:\/\/www.focuscentralamerica.org\/?p=2327"},"modified":"2025-06-05T21:55:02","modified_gmt":"2025-06-05T21:55:02","slug":"madres-que-inspiran-estimulacion-oportuna-y-liderazgo-comunitario","status":"publish","type":"post","link":"https:\/\/www.focuscentralamerica.org\/es\/madres-que-inspiran-estimulacion-oportuna-y-liderazgo-comunitario\/","title":{"rendered":"Madres que inspiran: Estimulaci\u00f3n oportuna y liderazgo comunitario"},"content":{"rendered":"\n<p><a href=\"https:\/\/tierranuevaong.com\" target=\"_blank\" rel=\"noreferrer noopener\">Tierra Nueva<\/a>, Guatemala<\/p>\n\n\n\n<p>En Guatemala, m\u00e1s del 20% de la ni\u00f1ez repite primer grado, una cifra preocupante que se agrava por la falta de acceso a educaci\u00f3n preescolar, especialmente en las comunidades rurales del Altiplano Occidental. <\/p>\n\n\n<div class=\"wp-block-image\">\n<figure class=\"alignright size-full is-resized\"><img loading=\"lazy\" decoding=\"async\" src=\"https:\/\/www.focuscentralamerica.org\/wp-content\/uploads\/2025\/06\/Screenshot-2025-06-05-at-3.52.10\u202fPM.png\" alt=\"\" class=\"wp-image-2328\" width=\"275\" height=\"263\" srcset=\"https:\/\/www.focuscentralamerica.org\/wp-content\/uploads\/2025\/06\/Screenshot-2025-06-05-at-3.52.10\u202fPM.png 867w, https:\/\/www.focuscentralamerica.org\/wp-content\/uploads\/2025\/06\/Screenshot-2025-06-05-at-3.52.10\u202fPM-300x287.png 300w, https:\/\/www.focuscentralamerica.org\/wp-content\/uploads\/2025\/06\/Screenshot-2025-06-05-at-3.52.10\u202fPM-768x735.png 768w\" sizes=\"auto, (max-width: 275px) 100vw, 275px\" \/><\/figure>\n<\/div>\n\n\n<p>Ante este panorama, la organizaci\u00f3n <a href=\"https:\/\/tierranuevaong.com\" target=\"_blank\" rel=\"noreferrer noopener\">Tierra Nueva <\/a>apuesta por fortalecer la primera infancia mediante la estimulaci\u00f3n temprana y el aprestamiento preescolar, involucrando activamente a las comunidades.<\/p>\n\n\n\n<p>El programa trabaja de la mano con\u00a0<strong>150 madres gu\u00edas<\/strong>, mujeres voluntarias capacitadas que acompa\u00f1an a\u00a0<strong>1,140 madres\u00a0<\/strong>para atender a\u00a0<strong>1,744 ni\u00f1os y ni\u00f1as de 0 a 6 a\u00f1os<\/strong>. <\/p>\n\n\n\n<p>A trav\u00e9s de la creaci\u00f3n de\u00a0<strong>Centros Comunitarios de Estimulaci\u00f3n<\/strong>, gestionados por la propia comunidad y equipados por la organizaci\u00f3n, se desarrollan sesiones presenciales en las que se estimula el desarrollo motriz, cognitivo, sensorial y socioafectivo de los ni\u00f1os.<\/p>\n\n\n<div class=\"wp-block-image\">\n<figure class=\"alignleft size-full is-resized\"><img loading=\"lazy\" decoding=\"async\" src=\"https:\/\/www.focuscentralamerica.org\/wp-content\/uploads\/2025\/06\/Screenshot-2025-06-05-at-3.53.11\u202fPM.png\" alt=\"\" class=\"wp-image-2330\" width=\"226\" height=\"209\" srcset=\"https:\/\/www.focuscentralamerica.org\/wp-content\/uploads\/2025\/06\/Screenshot-2025-06-05-at-3.53.11\u202fPM.png 855w, https:\/\/www.focuscentralamerica.org\/wp-content\/uploads\/2025\/06\/Screenshot-2025-06-05-at-3.53.11\u202fPM-300x277.png 300w, https:\/\/www.focuscentralamerica.org\/wp-content\/uploads\/2025\/06\/Screenshot-2025-06-05-at-3.53.11\u202fPM-768x710.png 768w\" sizes=\"auto, (max-width: 226px) 100vw, 226px\" \/><\/figure>\n<\/div>\n\n\n<p>Gracias a esta intervenci\u00f3n, los ni\u00f1os llegan mejor preparados al primer grado, familiarizados con tareas escolares b\u00e1sicas, lo que ha permitido\u00a0<strong>reducir la repetici\u00f3n escolar al 10% entre la poblaci\u00f3n atendida<\/strong>.<\/p>\n\n\n\n<p>El proyecto no solo mejora el acceso a una educaci\u00f3n oportuna, sino que promueve el\u00a0<strong>liderazgo comunitario femenino<\/strong>, empoderando a las madres gu\u00edas como agentes clave del desarrollo infantil. <\/p>\n\n\n\n<p>Esta experiencia demuestra que invertir en la primera infancia con un enfoque comunitario tiene un impacto transformador y sostenible.<\/p>\n","protected":false},"excerpt":{"rendered":"<p>Tierra Nueva, Guatemala En Guatemala, m\u00e1s del 20% de la ni\u00f1ez repite primer grado, una cifra preocupante que se agrava por la falta de acceso a educaci\u00f3n preescolar, especialmente en las comunidades rurales del Altiplano Occidental. Ante este panorama, la organizaci\u00f3n Tierra Nueva apuesta por fortalecer la primera infancia mediante la estimulaci\u00f3n temprana y el [&hellip;]<\/p>\n","protected":false},"author":6,"featured_media":2332,"comment_status":"closed","ping_status":"closed","sticky":false,"template":"","format":"standard","meta":{"_acf_changed":false,"inline_featured_image":false,"footnotes":""},"categories":[26],"tags":[],"class_list":["post-2327","post","type-post","status-publish","format-standard","has-post-thumbnail","hentry","category-educacion-infantil"],"acf":[],"_links":{"self":[{"href":"https:\/\/www.focuscentralamerica.org\/es\/wp-json\/wp\/v2\/posts\/2327","targetHints":{"allow":["GET"]}}],"collection":[{"href":"https:\/\/www.focuscentralamerica.org\/es\/wp-json\/wp\/v2\/posts"}],"about":[{"href":"https:\/\/www.focuscentralamerica.org\/es\/wp-json\/wp\/v2\/types\/post"}],"author":[{"embeddable":true,"href":"https:\/\/www.focuscentralamerica.org\/es\/wp-json\/wp\/v2\/users\/6"}],"replies":[{"embeddable":true,"href":"https:\/\/www.focuscentralamerica.org\/es\/wp-json\/wp\/v2\/comments?post=2327"}],"version-history":[{"count":1,"href":"https:\/\/www.focuscentralamerica.org\/es\/wp-json\/wp\/v2\/posts\/2327\/revisions"}],"predecessor-version":[{"id":2334,"href":"https:\/\/www.focuscentralamerica.org\/es\/wp-json\/wp\/v2\/posts\/2327\/revisions\/2334"}],"wp:featuredmedia":[{"embeddable":true,"href":"https:\/\/www.focuscentralamerica.org\/es\/wp-json\/wp\/v2\/media\/2332"}],"wp:attachment":[{"href":"https:\/\/www.focuscentralamerica.org\/es\/wp-json\/wp\/v2\/media?parent=2327"}],"wp:term":[{"taxonomy":"category","embeddable":true,"href":"https:\/\/www.focuscentralamerica.org\/es\/wp-json\/wp\/v2\/categories?post=2327"},{"taxonomy":"post_tag","embeddable":true,"href":"https:\/\/www.focuscentralamerica.org\/es\/wp-json\/wp\/v2\/tags?post=2327"}],"curies":[{"name":"wp","href":"https:\/\/api.w.org\/{rel}","templated":true}]}}